{"id":1110,"date":"2025-04-01T19:15:31","date_gmt":"2025-04-01T17:15:31","guid":{"rendered":"http:\/\/astroenbaiedarmor.astrosurf.com\/?p=1110"},"modified":"2025-04-16T00:40:55","modified_gmt":"2025-04-15T22:40:55","slug":"compte-rendu-des-nuits-de-lequinoxe-des-21-22-mars-2025","status":"publish","type":"post","link":"https:\/\/astroenbaiedarmor.astrosurf.com\/?p=1110","title":{"rendered":"Compte-rendu des Nuits de l\u2019\u00c9quinoxe des 21-22 mars 2025"},"content":{"rendered":"\n<p><strong>Des pr\u00e9sentations avant une immersion c\u00e9leste le 21 Mars 2025<\/strong><br>Comme pr\u00e9vu, dans la Salle des Roches plates, et apr\u00e8s une installation du mat\u00e9riel avec Nelly Plantec et Michel Lessard qui ont amen\u00e9 un \u00e9cran de projection vintage et les diff\u00e9rentes connexions \u00e9lectriques et informatiques par le r\u00e9dacteur de ce compte rendu et de Jean-No\u00ebl Antoine, secr\u00e9taire d\u2019Astronomie en Baie d\u2019Armor (A.B.A.). Nous avons d\u00e9but\u00e9 les deux pr\u00e9sentations vers 20h30 par un longue introduction de monsieur Maire, Jean Marc Labb\u00e9, suivie des pr\u00e9sentations de nos deux projets li\u00e9s \u00e0 la commune qui agit pour la protection du ciel et de l\u2019environnement nocturne, en installant de bons lampadaires induisant un \u00e9clairage raisonn\u00e9 avec aussi une extinction t\u00f4t dans la soir\u00e9e. La commune a \u00e9t\u00e9 labellis\u00e9e Villes et Villages \u00c9toil\u00e9s en 2021.<\/p>\n\n\n\n<figure class=\"wp-block-image aligncenter size-full\"><img loading=\"lazy\" decoding=\"async\" width=\"1010\" height=\"638\" src=\"https:\/\/astroenbaiedarmor.astrosurf.com\/wp-content\/uploads\/2025\/04\/image.png\" alt=\"\" class=\"wp-image-1111\" srcset=\"https:\/\/astroenbaiedarmor.astrosurf.com\/wp-content\/uploads\/2025\/04\/image.png 1010w, https:\/\/astroenbaiedarmor.astrosurf.com\/wp-content\/uploads\/2025\/04\/image-300x190.png 300w, https:\/\/astroenbaiedarmor.astrosurf.com\/wp-content\/uploads\/2025\/04\/image-768x485.png 768w\" sizes=\"auto, (max-width: 1010px) 100vw, 1010px\" \/><figcaption class=\"wp-element-caption\">Intervention de monsieur le Maire, Jean Marc Labb\u00e9<\/figcaption><\/figure>\n\n\n\n<p>Pour aller plus loin, Jean-No\u00ebl Antoine, secr\u00e9taire d\u2019Astronomie en Baie d\u2019Armor, a pr\u00e9sent\u00e9 le projet de Maison de la Nuit. <\/p>\n\n\n\n<figure class=\"wp-block-image aligncenter size-full\"><img loading=\"lazy\" decoding=\"async\" width=\"992\" height=\"621\" src=\"https:\/\/astroenbaiedarmor.astrosurf.com\/wp-content\/uploads\/2025\/04\/image-1.png\" alt=\"\" class=\"wp-image-1112\" srcset=\"https:\/\/astroenbaiedarmor.astrosurf.com\/wp-content\/uploads\/2025\/04\/image-1.png 992w, https:\/\/astroenbaiedarmor.astrosurf.com\/wp-content\/uploads\/2025\/04\/image-1-300x188.png 300w, https:\/\/astroenbaiedarmor.astrosurf.com\/wp-content\/uploads\/2025\/04\/image-1-768x481.png 768w\" sizes=\"auto, (max-width: 992px) 100vw, 992px\" \/><figcaption class=\"wp-element-caption\">Pr\u00e9sentation du projet de Maison de la Nuit par Jean-No\u00ebl Antoine<\/figcaption><\/figure>\n\n\n\n<p>Et ensuite une d\u00e9marche pour une <em>International Dark Sky Community<\/em> (I.D.S.C.) de Dark Sky International par Alain Le Gu\u00e9, l\u2019auteur de ce compte rendu. Ces deux projets sont innovants dans la mesure o\u00f9 ils sont l\u2019un comme l\u2019autre une premi\u00e8re en France. Ils sont interd\u00e9pendants et agiront de concert avec l\u2019Atlas de la<br>biodiversit\u00e9 Intercommunal et de trames noires en cours d\u2019\u00e9tude dans notre agglom\u00e9ration. De m\u00eame, ils seront, pour la Maison de la Nuit un outil de d\u00e9couverte du patrimoine vivant nocturne et le ciel \u00e9toil\u00e9 pour le grand public, dans le but de mieux comprendre les enjeux de leur pr\u00e9servation. Pour ce qui est de la certification<em> International Dark Sky Community,<\/em> la commune montrera que l\u2019on peut installer un \u00e9clairage de qualit\u00e9 respectueux de l\u2019environnement nocturne dans les rues, mais aussi chez les habitants qui seront essentiel dans la d\u00e9marche en les ayant convaincu.<\/p>\n\n\n\n<p>Car il ne faut pas oublier que toute action peut \u00eatre contrecarr\u00e9e par l\u2019installation de mauvais \u00e9clairages ext\u00e9rieurs ne respectant pas les lois et arr\u00eat\u00e9s. Sans oublier la nouvelle forme de pollution lumineuse qui est en train de prendre de l\u2019ampleur dans notre ciel de nuit, celle produite par les m\u00e9gaconstellations de satellites artificiels, striant le ciel de train\u00e9es lumineuses intempestives et r\u00e9duisant la qualit\u00e9 des observations astronomiques tant amateurs que professionnels.<\/p>\n\n\n\n<p>A la fin de cette pr\u00e9sentation, nous avons longuement dissert\u00e9 sur la menace venant de Plouvara. L&rsquo;incin\u00e9rateur de CSR (<a href=\"https:\/\/fr.wikipedia.org\/wiki\/Combustible_solide_de_r%C3%A9cup%C3%A9ration\" data-type=\"link\" data-id=\"https:\/\/fr.wikipedia.org\/wiki\/Combustible_solide_de_r%C3%A9cup%C3%A9ration\" target=\"_blank\" rel=\"noreferrer noopener\">combustible solide de r\u00e9cup\u00e9ration<\/a>) alimenterait en chaleur la SECANIM, \u00e9clair\u00e9e par 19 projecteurs qui polluent d\u00e9j\u00e0 le ciel, bien visibles depuis le terrain des sports de la M\u00e9augon, et qui alimenterait \u00e9galement des serres \u00e9clair\u00e9es et chauff\u00e9es pour produire des graines de tomates. Cela augmenterait de fa\u00e7on significative la pollution lumineuse du ciel nocturne depuis La M\u00e9augon. Pour s\u2019opposer \u00e0 ce projet &#8211; qui est aussi une cons\u00e9quence de notre soci\u00e9t\u00e9 de consommation &#8211; il faudra pr\u00e9senter des arguments solides en ce qui concerne les impacts sur l\u2019environnement riche qui borde ces projets, comme la for\u00eat d\u00e9partementale d\u2019Avaugour-Bois Meur et les diff\u00e9rentes zones humides. Sans compter les \u00e9manations de diff\u00e9rentes microparticules et compos\u00e9s chimiques qui ne seront pas filtr\u00e9s selon l\u2019\u00e9tat actuel des techniques. Ces rejets pollueront le sol, l\u2019eau et l\u2019air bien au-del\u00e0 le Plouvara. Pour ce qui est de la pollution lumineuse des serres, actuellement il n\u2019y a aucune r\u00e9glementation en France, peut \u00eatre que l\u2019on pourra exiger des stores occulteurs comme en Hollande et en Belgique, mais cela ne sera par parfait. Il faudra aussi peut \u00eatre adapter les 19 projecteurs de la SECANIM pour qu\u2019ils \u00e9clairent vers le bas et le moins possible \u00e0 l\u2019horizontale, des projecteurs ayant ces aptitudes existent !<\/p>\n\n\n\n<p>\u00c0 ces pr\u00e9sentations beaucoup de membre d\u2019ABA. \u00e9taient pr\u00e9sents en plus du r\u00e9dacteur de ce compte rendu et de Jean-No\u00ebl Antoine, \u00e0 savoir : Jacques Vincent, pr\u00e9sident d\u2019A.B.A., Paule Leblon, toujours fid\u00e8le, Jean-Yves Bourdonnais, Michal Lalo\u00ef, Sol\u00e8ne Denette et Yann Masson et cinq habitants. Avec les \u00e9lus, cela faisait 17 personnes.<\/p>\n\n\n\n<p><strong>En route vers le ciel d\u00e9gag\u00e9 !<\/strong><br>Nous sommes sortis sur le terrain derri\u00e8re la mairie vers 22h10 et l\u00e0, surprise ! Le ciel \u00e9tait clair et lumineux ! Comp\u00e9temment d\u00e9gag\u00e9, le firmament s\u2019offrait \u00e0 nous, mais avec de la pollution lumineuse sur quasiment tout l\u2019horizon. Cela ne nous a pas emp\u00each\u00e9 d\u2019admirer le ciel d&rsquo;hiver avec de belles constellations ! Presque toutes les personnes pr\u00e9sentes dans la salle sont venues admirer le ciel malgr\u00e9 une certaine fraicheur et une bonne humidit\u00e9. Les personnes ont \u00e9t\u00e9 bien chanceuses ! Quelques instruments ont \u00e9t\u00e9 install\u00e9s par Jacques Vincent pr\u00e9sident d&rsquo;A.B.A. avec son t\u00e9lescope Maksutov de 127 mm, Jean-Michel et Antoine Porcher avec leur t\u00e9lescope de 127 mm, Sol\u00e8ne Demette et son t\u00e9lescope Dobson de 150 mm et une paire de jumelles 15&#215;70. Si l\u2019auditoire n\u2019\u00e9tait pas fourni, il \u00e9tait de qualit\u00e9 ! Notamment un enfant de 6 ans ! Martin qui \u00e9tait tr\u00e8s au courant ! Curieux il savait d\u00e9j\u00e0 plein de choses au point d\u2019interpeler l\u2019orateur et lui dire qu\u2019il disait des b\u00eatises ! Avant le lever de la Lune, la promenade c\u00e9leste a commenc\u00e9 par la d\u00e9couverte de la mythologie du ciel \u00e9toil\u00e9. Le nom des constellations, le nom des \u00e9toiles souvent arabes et enfin voie lact\u00e9e d\u2019hiver, plus faible que celle d\u2019\u00e9t\u00e9 qui s\u2019\u00e9tirant de la constellation du Grand Chien, traverse les G\u00e9meaux et Orion, le Cocher avant d\u2019aller vers Pers\u00e9e et Cassiop\u00e9e. Nous ne l\u2019avons entraper\u00e7u qu\u2019\u00e0 de rare moment, le ciel \u00e9tant peut-\u00eatre envahi de fins nuages \u00e9lev\u00e9s.<\/p>\n\n\n\n<p>Ensuite nous avons observ\u00e9, sur l\u2019horizon sud-ouest, la partie la plus int\u00e9ressante du ciel hiver avec le rep\u00e9rage des \u00e9toiles les plus brillantes du ciel, Sirius de la constellation du Grand Chien au sud, Rigel et B\u00e9telgeuse de celle d\u2019Orion et Ald\u00e9baran dans le Taureau et d\u00e9couvert le grand hexagone d\u2019Hiver compos\u00e9 des \u00e9toiles, en plus de Rigel et Sirius, Capela et Ald\u00e9baran, de Procyon, Castor &amp; Pollux, et B\u00e9telgeuse, les plus brillantes des constellations du Petit Chien, des G\u00e9meaux, et d\u2019Orion. Au nord-ouest, nous aurons juste le temps de rep\u00e9rer la constellation d\u2019Androm\u00e8de au-dessus du cheval P\u00e9gase, qui s\u2019est couch\u00e9 vers 23h30. Toutes ces constellations sont un h\u00e9ritage de nos anc\u00eatres. Pour nous, cela est un v\u00e9ritable Patrimoine Culturel de l\u2019Humanit\u00e9, dont nous nous devons d\u2019en d\u00e9fendre l\u2019acc\u00e8s et la contemplation \u00e0 tous. Ensuite nous avons pu, avec les instruments de diff\u00e9rente tailles \u00e0 disposition, observer la belle n\u00e9buleuse d&rsquo;Orion, l&rsquo;amas des pl\u00e9iades aux jumelles et bien d&rsquo;autres objets c\u00e9lestes avec les instruments plus importants malgr\u00e9 la pollution lumineuse. Sans oublier la plan\u00e8te Jupiter, dans les cornes du Taureau, Mars pr\u00e8s de Pollux dans les G\u00e9meaux.<\/p>\n\n\n\n<figure class=\"wp-block-image aligncenter size-full\"><img loading=\"lazy\" decoding=\"async\" width=\"982\" height=\"631\" src=\"https:\/\/astroenbaiedarmor.astrosurf.com\/wp-content\/uploads\/2025\/04\/image-2.png\" alt=\"\" class=\"wp-image-1116\" srcset=\"https:\/\/astroenbaiedarmor.astrosurf.com\/wp-content\/uploads\/2025\/04\/image-2.png 982w, https:\/\/astroenbaiedarmor.astrosurf.com\/wp-content\/uploads\/2025\/04\/image-2-300x193.png 300w, https:\/\/astroenbaiedarmor.astrosurf.com\/wp-content\/uploads\/2025\/04\/image-2-768x493.png 768w\" sizes=\"auto, (max-width: 982px) 100vw, 982px\" \/><figcaption class=\"wp-element-caption\">Le petit Martin observe Jupiter, au fond Sol\u00e8ne Demette avec son t\u00e9lescope Dobson<\/figcaption><\/figure>\n\n\n\n<p>Avant le coucher d\u2019Orion, apr\u00e8s 23h30 \u00e0 l\u2019horizon Ouest, nous avions au Sud-sud-Est et Est, Le lever du Bouvier avec Arcturus, le Lion \u00e9mergeant au-dessus de l\u2019Hydre. En allant vers le nord, au-dessus de la constellation du Cocher et son \u00e9toile Capella, nous pouvions d\u00e9couvrir Pers\u00e9e, puis en se rep\u00e9rant avec la grande casserole audessus de l\u2019horizon Nord-Est nous avons pu admirer la Petite Ourse et l\u2019axe du ciel la Polaire, le Dragon, C\u00e9ph\u00e9e et Cassiop\u00e9e, le c\u00e9l\u00e8bre W, au Nord-ouest. Le temps passant, les constellations du Bouvier avec Arcturus et la Couronne Bor\u00e9ale entre lui et Hercule se distinguaient plus facilement. Enfin, rep\u00e9rable en suivant en arc de cercle, la queue de la grand Ourse, et l\u2019\u00e9toile Arcturus du Bouvier, la constellation de la Vierge avec la belle \u00e9toile bleue de l\u2019Epi, bien haute au Sud-Est, au-dessus des halos lumineux importants des zones des Ch\u00e2telets et de Plaintel. Une occasion aussi d\u2019en d\u00e9crire d\u2019autres tout le long de l\u2019horizon et leurs causes.<\/p>\n\n\n\n<p>En fin d\u2019observation, pr\u00e8s de l\u2019horizon Nord-Est s\u2019est lev\u00e9 la belle \u00e9toile V\u00e9ga de la Lyre qui annonce le ciel d\u2019\u00e9t\u00e9. La soir\u00e9e s\u2019est termin\u00e9e vers minuit avec l\u2019arriv\u00e9e de quelques nuages et les organisateurs sont parti vers 0h45 apr\u00e8s quelques discussions sur les menaces sur ce ciel qui enchante, malgr\u00e9 la pollution lumineuse, tous les publics.<\/p>\n\n\n\n<p>En conclusion, des personnes qui, qui comme nous, furent heureuse d&rsquo;avoir vu ce ciel d\u00e9gag\u00e9\u2026 Gageons que ce ciel ainsi que le patrimoine vivant soit pr\u00e9serv\u00e9s des impacts des projets en cours, car n\u2019en doutons pas ils seront r\u00e9alis\u00e9s. A nous \u00e9lus, citoyens, enfants et associations de prendre l\u2019avenir de notre plan\u00e8te en main !<\/p>\n\n\n\n<p><strong>Soir\u00e9e nuageuse du 22 mars 2025<\/strong><br>Nous sommes arriv\u00e9s vers 20h30, Jean No\u00ebl Antoine, Jacques Vincent, Dominique Lebreton, Yann Masson et Charles Wiles arriv\u00e9 en milieu de soir\u00e9e\u2026 Paule Leblon s\u2019est excus\u00e9e (h\u00e9las \u00e0 cause de rhume insistant\u2026) Ciel nuageux \u00e0 souhait\u2026 Avec m\u00eame de la pluie ! Apr\u00e8s quelques discussions sur l\u2019\u00e9volution de la couverture nuageuse, nous nous sommes r\u00e9fugi\u00e9s dans le local foot\u2026 Ne pouvant esp\u00e9rer une am\u00e9lioration. C\u2019est \u00e0 ce moment-l\u00e0 que nous avons arriver un motard\u2026 Qui a brav\u00e9 la m\u00e9t\u00e9o\u2026 A son arriv\u00e9e, Nous avons constat\u00e9 que le halo lumineux de la SECANIM n\u2019\u00e9tait pas visible, et pour cause nous avons appris de la bouche de cette personne que nous avions vu lors des derni\u00e8res nuits d\u2019hiver en 2024, qu\u2019il avait \u00e9teint les projecteurs et c\u2019est comme cela que nous avons appris leur nombre : 19. Une information importante pour la suite, car ces \u00e9clairages ne respectent pas les arr\u00eat\u00e9s du 208 d\u00e9cembre 2018. Ce fut donc une s\u00e9ance astronomie en chambre qui fut moins heureuse. Quoique\u2026 Vers 21 heures, sont arriv\u00e9es ensuite deux dames qui accompagnaient Michel Lessard de la Mairie et sa femme.<\/p>\n\n\n\n<figure class=\"wp-block-image aligncenter size-full\"><img loading=\"lazy\" decoding=\"async\" width=\"932\" height=\"629\" src=\"https:\/\/astroenbaiedarmor.astrosurf.com\/wp-content\/uploads\/2025\/04\/image-3.png\" alt=\"\" class=\"wp-image-1120\" srcset=\"https:\/\/astroenbaiedarmor.astrosurf.com\/wp-content\/uploads\/2025\/04\/image-3.png 932w, https:\/\/astroenbaiedarmor.astrosurf.com\/wp-content\/uploads\/2025\/04\/image-3-300x202.png 300w, https:\/\/astroenbaiedarmor.astrosurf.com\/wp-content\/uploads\/2025\/04\/image-3-768x518.png 768w\" sizes=\"auto, (max-width: 932px) 100vw, 932px\" \/><figcaption class=\"wp-element-caption\">Michel Lessard et sa femme accompagn\u00e9 de deux dames bien sympathiques. Avec Dominique Lebreton expliquant le fonctionnement d\u2019une carte c\u00e9leste tournante.<\/figcaption><\/figure>\n\n\n\n<p>Nous avons donc accueilli au fur et mesure les arrivants dans le local Foot, nous avons distribu\u00e9 des cartes c\u00e9lestes et d\u00e9crit comment les utiliser, montrer diff\u00e9rents documents et photos\u2026 Dominique Lebreton montrant comment utiliser les cartes c\u00e9lestes\u2026 Nous avons aussi parler des aspects culturel du ciel et de la nuit\u2026 Par exemple en faisant \u00e9couter les chants ou cris de chouettes hulottes ou effraie et de hiboux\u2026 Et d\u00e9crire les mythologies li\u00e9s aux constellations rep\u00e9r\u00e9es sur les cartes distribu\u00e9es. Ensuite, au fur et mesures des conversations de mots d\u2019origine c\u00e9lestes, menstruation qui vient de mois et de la Lune, M\u00e9ridien, milieu du jour et bien s\u00fbr \u00e9quinoxe, le jour \u00e9gal la nuit en latin.<\/p>\n\n\n\n<p>Avec l\u2019arriv\u00e9e de Betty Yon et de Ma\u00e9la Laaroussi-Laurent Conseill\u00e8re municipale d\u00e9l\u00e9gu\u00e9 Commission culture et animations entres autres et de quatre enfants apr\u00e8s 23 heures, Dominique Lebreton s\u2019est remis au travail en montrant de nouveau comment utiliser les cartes c\u00e9lestes, ainsi que Jean No\u00ebl Antoine.<\/p>\n\n\n\n<figure class=\"wp-block-image aligncenter\"><img loading=\"lazy\" decoding=\"async\" width=\"432\" height=\"553\" src=\"https:\/\/astroenbaiedarmor.astrosurf.com\/wp-content\/uploads\/2025\/04\/image-4.png\" alt=\"\" class=\"wp-image-1123\" srcset=\"https:\/\/astroenbaiedarmor.astrosurf.com\/wp-content\/uploads\/2025\/04\/image-4.png 432w, https:\/\/astroenbaiedarmor.astrosurf.com\/wp-content\/uploads\/2025\/04\/image-4-234x300.png 234w\" sizes=\"auto, (max-width: 432px) 100vw, 432px\" \/><figcaption class=\"wp-element-caption\">Jean No\u00ebl Antoine en pleine explication c\u00e9leste<\/figcaption><\/figure>\n\n\n\n<p>En fin de s\u00e9ance Betty Yon et de Ma\u00e9la Laaroussi-Laurent, nous avons annonc\u00e9 le projet balades cr\u00e9pusculaires, ludiques, po\u00e9tiques et astronomiques que nous projetons de faire bient\u00f4t en avril et mai\u2026 Betty Yon et le r\u00e9dacteur proposeront des dates le plus rapidement possible\u2026 La majorit\u00e9 des personnes pr\u00e9sentes sont parti peu apr\u00e8s 23 heures et la soir\u00e9e s&rsquo;est termin\u00e9 apr\u00e8s 23h30 A cause de la situation m\u00e9t\u00e9orologique plus que d\u00e9favorable, nous avons eu la visite d\u2019un total de 12 personnes dont 6 enfants. Et ce fut tr\u00e8s int\u00e9ressant pour tous les pr\u00e9sents y compris les animateurs !<\/p>\n\n\n\n<p>Apr\u00e8s avoir ferm\u00e9 le local foot, nous sommes partis, le r\u00e9dacteur, Jean No\u00ebl Antoine et Charles Wiles en apercevant dans une petite trou\u00e9e de nuages la Brillante \u00e9toiles Sirius\u2026 Et les trois rois de la ceinture de la constellation d&rsquo;Orion\u2026 Petite parenth\u00e8se stellaire avant notre retour et une nuit bien m\u00e9rit\u00e9e.<\/p>\n\n\n\n<p><strong>Remerciements.<\/strong><br>Le r\u00e9dacteur de ce compte rendu tient particuli\u00e8rement le Conseil municipal de La M\u00e9augon, qui a mot \u00e0 disposition la salle des Roches Plates, monsieur le Maire, Jean-Marc Labb\u00e9, qui nous soutient tant dans nos projets. Ainsi que des membres du Conseil Nelly Plantec, Ma\u00e9la Laaroussi-Laurent et Michel Lessard qui est venu par deux fois ! Il tient aussi \u00e0 remercier tous les membres d\u2019Astronomie en Baie d\u2019Armor qui ont fait le d\u00e9placement le vendredi, Paule Leblon, Jean-Yves Boudonnais, Michal Lalo\u00ef, et Charles Wiles malgr\u00e9 la m\u00e9t\u00e9o qui semblait mauvaise et l\u2019humidit\u00e9 ambiante et qui s\u2019est d\u00e9gag\u00e9 seulement le vendredi ! Un grand merci aussi \u00e0 Jacques Vincent, Jean No\u00ebl Antoine, les toujours fid\u00e8les Yann Masson, Jean Michel et Antoine Porcher et enfin Sol\u00e8ne Denette. Sans eux, qu\u2019aurions-nous pu tout faire. Enfin remercions aussi Betty Yon qui est indispensable pour des actions ludiques et po\u00e9tiques sur la commune, en lien avec les projets de d\u00e9couverte de la nuit et du firmament.<\/p>\n\n\n\n<p><strong>En r\u00e9sum\u00e9. 1\u00e8res Nuits de l\u2019\u00e9quinoxe du 21 au 23 Mars.<\/strong><br>Malgr\u00e9 un temps capricieux, le vendredi 21 Mars, de 20h30 \u00e0 minuit 30, seulement 17 personnes dont 5 habitants sont venus dans la salle des Roches plates, Apr\u00e8s les pr\u00e9sentation des diff\u00e9rents projets : Maison de la Nuit et Lab\u00e9lisation International Dark Sky Community, avec un ciel d\u00e9gag\u00e9 inesp\u00e9r\u00e9, nous avons pu quand m\u00eame d\u00e9crire les constellations du ciel \u00e9toil\u00e9 d\u2019hiver, d\u00e9crire leur mythologie, et observer avec des moyens simples, lunette d\u2019approche, et jumelles Jupiter, ses satellites et quelques objets c\u00e9lestes comme la grande n\u00e9buleuse d\u2019Orion et les Pl\u00e9iades\u2026 Quelques constellations du Zodiaque et le Grand Hexagone d\u2019hiver.<\/p>\n\n\n\n<p>Avec une m\u00e9t\u00e9o plus m\u00e9diocre, le samedi 22 Mars , de 20h30 \u00e0 23h20, sur le Terrain des sports de La M\u00e9augon, 12 personnes sont venues pour affronter les nuages et l\u2019impossibilit\u00e9 d\u2019observer le ciel d\u2019hiver. Nous nous sommes r\u00e9fugi\u00e9s dans le local foot, pour distribuer des cartes c\u00e9lestes, les expliquer, parler de l\u2019origine des constellations et parler d\u2019autres projets comme des balades cr\u00e9pusculaires, avec la pr\u00e9sence de Betty Yon, et l\u2019observation prochaine de l\u2019\u00e9clipse partielle de Soleil du 29 mars au matin.<\/p>\n\n\n\n<p>Pour les prochaines Nuits de l\u2019\u00e9quinoxe et \u00e9ventuellement pour les prochaines actions li\u00e9s au ciel et \u00e0 l\u2019environnement nocturne, le r\u00e9dacteur de ce compte-rendu pense qu\u2019il faudra bien s\u00e9parer les actions et privil\u00e9gier l\u2019observation du ciel et de la nature. Et en cas de mauvais temps, r\u00e9server une salle pour pr\u00e9senter un diaporama sur le ciel en g\u00e9n\u00e9ral, parler du printemps et de la nature qui se r\u00e9veille\u2026 Et parler des \u00e9volutions des actions de la commune dans ses diff\u00e9rents projets et des menaces qui se profilent dans une mini exposition avec des posters dans un barnum par exemple. La grande majorit\u00e9 du public ne vient pas pour des pr\u00e9sentations, mais pour se confronter au firmament et \u00e9ventuellement \u00e0 une immersion dans la nuit et \u00e0 l\u2019environnement nocturne. Nous l\u2019avons bien senti le samedi. Ou les deux dames nous ont dit, en plaisantant qu\u2019elles \u00e9taient venues pour les \u00e9toiles !<\/p>\n\n\n\n<p>C\u2019est pourquoi, il faudra faire une action pour lancer vraiment le projet d\u2019International Dark Sky Community (I.D.S.C.), pourquoi pas avec une ballade cr\u00e9pusculaire au d\u00e9part du bourg et un diaporama ensuite. Nous pourrions faire de m\u00eame pour pr\u00e9senter le projet de la Maison de la Nuit. Cela pourrait nous permettre de rencontrer des personnes qui voudront s\u2019impliquer b\u00e9n\u00e9volement dans ces diff\u00e9rents projets, car ces deux projets ne pourront aboutir qu\u2019avec le soutien des habitants ! Toutes les observations en pleine nature, et les deux projets d\u00e9crits ci-dessus devront se faire avec eux et jamais contre eux et sont destin\u00e9s \u00e0 tous les publics et surtout aux g\u00e9n\u00e9rations futures.<\/p>\n\n\n\n<p><em>Saint-Brieuc le 1er Avril 2025<br>Alain Le Gu\u00e9 pour Astronomie en Baie d\u2019Armor<\/em><\/p>\n","protected":false},"excerpt":{"rendered":"<p>Compte-rendu complet des 2 premi\u00e8res Nuits de l\u2019\u00c9quinoxe \u00e0 La M\u00e9augon pr\u00e9c\u00e9d\u00e9s de pr\u00e9sentations sur le projet de Maison de la Nuit et la certification en cours de communaut\u00e9 internationale de ciel \u00e9toil\u00e9&#8230;<\/p>\n","protected":false},"author":1,"featured_media":1127,"comment_status":"closed","ping_status":"open","sticky":false,"template":"","format":"standard","meta":{"site-sidebar-layout":"default","site-content-layout":"","ast-site-content-layout":"","site-content-style":"default","site-sidebar-style":"default","ast-global-header-display":"","ast-banner-title-visibility":"","ast-main-header-display":"","ast-hfb-above-header-display":"","ast-hfb-below-header-display":"","ast-hfb-mobile-header-display":"","site-post-title":"","ast-breadcrumbs-content":"","ast-featured-img":"disabled","footer-sml-layout":"","theme-transparent-header-meta":"","adv-header-id-meta":"","stick-header-meta":"","header-above-stick-meta":"","header-main-stick-meta":"","header-below-stick-meta":"","astra-migrate-meta-layouts":"default","ast-page-background-enabled":"default","ast-page-background-meta":{"desktop":{"background-color":"var(--ast-global-color-4)","background-image":"","background-repeat":"repeat","background-position":"center center","background-size":"auto","background-attachment":"scroll","background-type":"","background-media":"","overlay-type":"","overlay-color":"","overlay-opacity":"","overlay-gradient":""},"tablet":{"background-color":"","background-image":"","background-repeat":"repeat","background-position":"center center","background-size":"auto","background-attachment":"scroll","background-type":"","background-media":"","overlay-type":"","overlay-color":"","overlay-opacity":"","overlay-gradient":""},"mobile":{"background-color":"","background-image":"","background-repeat":"repeat","background-position":"center center","background-size":"auto","background-attachment":"scroll","background-type":"","background-media":"","overlay-type":"","overlay-color":"","overlay-opacity":"","overlay-gradient":""}},"ast-content-background-meta":{"desktop":{"background-color":"var(--ast-global-color-5)","background-image":"","background-repeat":"repeat","background-position":"center center","background-size":"auto","background-attachment":"scroll","background-type":"","background-media":"","overlay-type":"","overlay-color":"","overlay-opacity":"","overlay-gradient":""},"tablet":{"background-color":"var(--ast-global-color-5)","background-image":"","background-repeat":"repeat","background-position":"center center","background-size":"auto","background-attachment":"scroll","background-type":"","background-media":"","overlay-type":"","overlay-color":"","overlay-opacity":"","overlay-gradient":""},"mobile":{"background-color":"var(--ast-global-color-5)","background-image":"","background-repeat":"repeat","background-position":"center center","background-size":"auto","background-attachment":"scroll","background-type":"","background-media":"","overlay-type":"","overlay-color":"","overlay-opacity":"","overlay-gradient":""}},"_jetpack_memberships_contains_paid_content":false,"footnotes":""},"categories":[15],"tags":[9,12],"class_list":["post-1110","post","type-post","status-publish","format-standard","has-post-thumbnail","hentry","category-saison-2024-2025","tag-manifestations","tag-observations"],"jetpack_featured_media_url":"https:\/\/astroenbaiedarmor.astrosurf.com\/wp-content\/uploads\/2025\/04\/banner-nuits-equinoxes-2025.png","jetpack_sharing_enabled":true,"_links":{"self":[{"href":"https:\/\/astroenbaiedarmor.astrosurf.com\/index.php?rest_route=\/wp\/v2\/posts\/1110","targetHints":{"allow":["GET"]}}],"collection":[{"href":"https:\/\/astroenbaiedarmor.astrosurf.com\/index.php?rest_route=\/wp\/v2\/posts"}],"about":[{"href":"https:\/\/astroenbaiedarmor.astrosurf.com\/index.php?rest_route=\/wp\/v2\/types\/post"}],"author":[{"embeddable":true,"href":"https:\/\/astroenbaiedarmor.astrosurf.com\/index.php?rest_route=\/wp\/v2\/users\/1"}],"replies":[{"embeddable":true,"href":"https:\/\/astroenbaiedarmor.astrosurf.com\/index.php?rest_route=%2Fwp%2Fv2%2Fcomments&post=1110"}],"version-history":[{"count":18,"href":"https:\/\/astroenbaiedarmor.astrosurf.com\/index.php?rest_route=\/wp\/v2\/posts\/1110\/revisions"}],"predecessor-version":[{"id":1136,"href":"https:\/\/astroenbaiedarmor.astrosurf.com\/index.php?rest_route=\/wp\/v2\/posts\/1110\/revisions\/1136"}],"wp:featuredmedia":[{"embeddable":true,"href":"https:\/\/astroenbaiedarmor.astrosurf.com\/index.php?rest_route=\/wp\/v2\/media\/1127"}],"wp:attachment":[{"href":"https:\/\/astroenbaiedarmor.astrosurf.com\/index.php?rest_route=%2Fwp%2Fv2%2Fmedia&parent=1110"}],"wp:term":[{"taxonomy":"category","embeddable":true,"href":"https:\/\/astroenbaiedarmor.astrosurf.com\/index.php?rest_route=%2Fwp%2Fv2%2Fcategories&post=1110"},{"taxonomy":"post_tag","embeddable":true,"href":"https:\/\/astroenbaiedarmor.astrosurf.com\/index.php?rest_route=%2Fwp%2Fv2%2Ftags&post=1110"}],"curies":[{"name":"wp","href":"https:\/\/api.w.org\/{rel}","templated":true}]}}