{"id":1167,"date":"2025-09-03T22:36:14","date_gmt":"2025-09-03T20:36:14","guid":{"rendered":"https:\/\/astroenbaiedarmor.astrosurf.com\/?p=1167"},"modified":"2025-09-03T22:46:07","modified_gmt":"2025-09-03T20:46:07","slug":"retour-sur-les-nuits-des-etoiles-des-1er-et-2-aout-2025","status":"publish","type":"post","link":"https:\/\/astroenbaiedarmor.astrosurf.com\/?p=1167","title":{"rendered":"Retour sur les Nuits des \u00c9toiles les 1er et 2 ao\u00fbt 2025"},"content":{"rendered":"\n<figure class=\"wp-block-image aligncenter size-large\"><img loading=\"lazy\" decoding=\"async\" width=\"1024\" height=\"341\" src=\"https:\/\/astroenbaiedarmor.astrosurf.com\/wp-content\/uploads\/2025\/09\/banner-nuits-des-etoiles-2025-1024x341.jpg\" alt=\"\" class=\"wp-image-1202\" srcset=\"https:\/\/astroenbaiedarmor.astrosurf.com\/wp-content\/uploads\/2025\/09\/banner-nuits-des-etoiles-2025-1024x341.jpg 1024w, https:\/\/astroenbaiedarmor.astrosurf.com\/wp-content\/uploads\/2025\/09\/banner-nuits-des-etoiles-2025-300x100.jpg 300w, https:\/\/astroenbaiedarmor.astrosurf.com\/wp-content\/uploads\/2025\/09\/banner-nuits-des-etoiles-2025-768x256.jpg 768w, https:\/\/astroenbaiedarmor.astrosurf.com\/wp-content\/uploads\/2025\/09\/banner-nuits-des-etoiles-2025-1536x512.jpg 1536w, https:\/\/astroenbaiedarmor.astrosurf.com\/wp-content\/uploads\/2025\/09\/banner-nuits-des-etoiles-2025.jpg 2016w\" sizes=\"auto, (max-width: 1024px) 100vw, 1024px\" \/><\/figure>\n\n\n\n<p>Un public nombreux, une centaine des personnes le vendredi 1er ao\u00fbt, plus du double le lendemain, un ciel clair, deux nuits \u00e9toil\u00e9es sans nuage, cette 13\u00e8me \u00e9dition des Nuits des \u00c9toiles \u00e0 La M\u00e9augon et 35\u00e8me en France s&rsquo;est admirablement bien pass\u00e9e.<\/p>\n\n\n\n<p>Pour l&rsquo;occasion, l&rsquo;\u00e9quipe municipale de La M\u00e9augon avait affich\u00e9 sa labellisation 3 \u00e9toiles Village Etoil\u00e9 \u00e0 l&rsquo;entr\u00e9e de la commune.<\/p>\n\n\n\n<figure class=\"wp-block-image aligncenter size-large is-resized\"><img loading=\"lazy\" decoding=\"async\" width=\"1024\" height=\"1024\" src=\"https:\/\/astroenbaiedarmor.astrosurf.com\/wp-content\/uploads\/2025\/09\/image-5-1024x1024.png\" alt=\"\" class=\"wp-image-1173\" style=\"box-shadow:var(--wp--preset--shadow--natural);object-fit:cover;width:512px;height:512px\" srcset=\"https:\/\/astroenbaiedarmor.astrosurf.com\/wp-content\/uploads\/2025\/09\/image-5-1024x1024.png 1024w, https:\/\/astroenbaiedarmor.astrosurf.com\/wp-content\/uploads\/2025\/09\/image-5-300x300.png 300w, https:\/\/astroenbaiedarmor.astrosurf.com\/wp-content\/uploads\/2025\/09\/image-5-150x150.png 150w, https:\/\/astroenbaiedarmor.astrosurf.com\/wp-content\/uploads\/2025\/09\/image-5-768x768.png 768w, https:\/\/astroenbaiedarmor.astrosurf.com\/wp-content\/uploads\/2025\/09\/image-5.png 1125w\" sizes=\"auto, (max-width: 1024px) 100vw, 1024px\" \/><\/figure>\n\n\n\n<p>Et le marquage en direction du terrain des sports \u00e9tait bien pr\u00e9sent comme \u00e0 l&rsquo;accoutum\u00e9e.<\/p>\n\n\n\n<figure class=\"wp-block-image aligncenter size-large is-resized\"><img loading=\"lazy\" decoding=\"async\" width=\"1024\" height=\"1024\" src=\"https:\/\/astroenbaiedarmor.astrosurf.com\/wp-content\/uploads\/2025\/09\/image-2-1024x1024.png\" alt=\"\" class=\"wp-image-1170\" style=\"box-shadow:var(--wp--preset--shadow--natural);object-fit:cover;width:512px;height:512px\" srcset=\"https:\/\/astroenbaiedarmor.astrosurf.com\/wp-content\/uploads\/2025\/09\/image-2-1024x1024.png 1024w, https:\/\/astroenbaiedarmor.astrosurf.com\/wp-content\/uploads\/2025\/09\/image-2-300x300.png 300w, https:\/\/astroenbaiedarmor.astrosurf.com\/wp-content\/uploads\/2025\/09\/image-2-150x150.png 150w, https:\/\/astroenbaiedarmor.astrosurf.com\/wp-content\/uploads\/2025\/09\/image-2-768x768.png 768w, https:\/\/astroenbaiedarmor.astrosurf.com\/wp-content\/uploads\/2025\/09\/image-2.png 1125w\" sizes=\"auto, (max-width: 1024px) 100vw, 1024px\" \/><\/figure>\n\n\n\n<p>Pour la premi\u00e8re fois cette ann\u00e9e, nous \u00e9tions autoris\u00e9s \u00e0 fouler le terrain de football pour le plus grand plaisir des spectateurs et des animateurs d&rsquo;ABA.<\/p>\n\n\n\n<figure class=\"wp-block-image aligncenter size-large\"><img loading=\"lazy\" decoding=\"async\" width=\"1024\" height=\"572\" src=\"https:\/\/astroenbaiedarmor.astrosurf.com\/wp-content\/uploads\/2025\/09\/image-3-1024x572.png\" alt=\"\" class=\"wp-image-1171\" style=\"box-shadow:var(--wp--preset--shadow--natural)\" srcset=\"https:\/\/astroenbaiedarmor.astrosurf.com\/wp-content\/uploads\/2025\/09\/image-3-1024x572.png 1024w, https:\/\/astroenbaiedarmor.astrosurf.com\/wp-content\/uploads\/2025\/09\/image-3-300x168.png 300w, https:\/\/astroenbaiedarmor.astrosurf.com\/wp-content\/uploads\/2025\/09\/image-3-768x429.png 768w, https:\/\/astroenbaiedarmor.astrosurf.com\/wp-content\/uploads\/2025\/09\/image-3-1536x858.png 1536w, https:\/\/astroenbaiedarmor.astrosurf.com\/wp-content\/uploads\/2025\/09\/image-3.png 2000w\" sizes=\"auto, (max-width: 1024px) 100vw, 1024px\" \/><figcaption class=\"wp-element-caption\">Le stade de foot de La M\u00e9augon est envahi !&nbsp;&nbsp; (Cr\u00e9dit Dominique Lebreton)<\/figcaption><\/figure>\n\n\n\n<p>Certains en ont profit\u00e9 pour \u00e9trenner leur instrument comme ce Dobson \u00e9quip\u00e9 d&rsquo;un miroir de 300 mm de diam\u00e8tre appartement \u00e0 un membre du club.<\/p>\n\n\n\n<figure class=\"wp-block-image aligncenter size-large\"><img loading=\"lazy\" decoding=\"async\" width=\"1024\" height=\"1024\" src=\"https:\/\/astroenbaiedarmor.astrosurf.com\/wp-content\/uploads\/2025\/09\/image-6-1024x1024.png\" alt=\"\" class=\"wp-image-1174\" style=\"box-shadow:var(--wp--preset--shadow--natural)\" srcset=\"https:\/\/astroenbaiedarmor.astrosurf.com\/wp-content\/uploads\/2025\/09\/image-6-1024x1024.png 1024w, https:\/\/astroenbaiedarmor.astrosurf.com\/wp-content\/uploads\/2025\/09\/image-6-300x300.png 300w, https:\/\/astroenbaiedarmor.astrosurf.com\/wp-content\/uploads\/2025\/09\/image-6-150x150.png 150w, https:\/\/astroenbaiedarmor.astrosurf.com\/wp-content\/uploads\/2025\/09\/image-6-768x768.png 768w, https:\/\/astroenbaiedarmor.astrosurf.com\/wp-content\/uploads\/2025\/09\/image-6.png 1125w\" sizes=\"auto, (max-width: 1024px) 100vw, 1024px\" \/><figcaption class=\"wp-element-caption\">S\u00e9ance de montage d&rsquo;un Dobson de 300 mm (Cr\u00e9dit JN Antoine)<\/figcaption><\/figure>\n\n\n\n<p>Nouveaut\u00e9 de cette 13\u00e8me \u00e9dition sous le barnum d&rsquo;ABA, une sonorisation professionnelle et une station radio de d\u00e9tections des m\u00e9t\u00e9ores puisque l&rsquo;essaim d&rsquo;\u00e9toiles filantes des Pers\u00e9ides approchait de son maximum d&rsquo;activit\u00e9.<\/p>\n\n\n\n<figure class=\"wp-block-image aligncenter size-large is-resized\"><img loading=\"lazy\" decoding=\"async\" width=\"1024\" height=\"709\" src=\"https:\/\/astroenbaiedarmor.astrosurf.com\/wp-content\/uploads\/2025\/09\/image-7-1024x709.png\" alt=\"\" class=\"wp-image-1176\" style=\"box-shadow:var(--wp--preset--shadow--natural);width:1021px;height:auto\" srcset=\"https:\/\/astroenbaiedarmor.astrosurf.com\/wp-content\/uploads\/2025\/09\/image-7-1024x709.png 1024w, https:\/\/astroenbaiedarmor.astrosurf.com\/wp-content\/uploads\/2025\/09\/image-7-300x208.png 300w, https:\/\/astroenbaiedarmor.astrosurf.com\/wp-content\/uploads\/2025\/09\/image-7-768x532.png 768w, https:\/\/astroenbaiedarmor.astrosurf.com\/wp-content\/uploads\/2025\/09\/image-7.png 1454w\" sizes=\"auto, (max-width: 1024px) 100vw, 1024px\" \/><figcaption class=\"wp-element-caption\">Nouvelle sono et station radio de d\u00e9tection des m\u00e9t\u00e9ores sous le barnum ABA (Cr\u00e9dit JN Antoine)<\/figcaption><\/figure>\n\n\n\n<p>Avant la tomb\u00e9e de la nuit, c&rsquo;est d\u00e9j\u00e0 le moment d&rsquo;observer la Lune et d&rsquo;obtenir les explications de Yann sur les objets \u00e0 observer.<\/p>\n\n\n\n<figure class=\"wp-block-image aligncenter size-large\"><img loading=\"lazy\" decoding=\"async\" width=\"1024\" height=\"647\" src=\"https:\/\/astroenbaiedarmor.astrosurf.com\/wp-content\/uploads\/2025\/09\/image-8-1024x647.png\" alt=\"\" class=\"wp-image-1178\" style=\"box-shadow:var(--wp--preset--shadow--natural)\" srcset=\"https:\/\/astroenbaiedarmor.astrosurf.com\/wp-content\/uploads\/2025\/09\/image-8-1024x647.png 1024w, https:\/\/astroenbaiedarmor.astrosurf.com\/wp-content\/uploads\/2025\/09\/image-8-300x190.png 300w, https:\/\/astroenbaiedarmor.astrosurf.com\/wp-content\/uploads\/2025\/09\/image-8-768x485.png 768w, https:\/\/astroenbaiedarmor.astrosurf.com\/wp-content\/uploads\/2025\/09\/image-8-1536x971.png 1536w, https:\/\/astroenbaiedarmor.astrosurf.com\/wp-content\/uploads\/2025\/09\/image-8.png 1780w\" sizes=\"auto, (max-width: 1024px) 100vw, 1024px\" \/><figcaption class=\"wp-element-caption\">Yann Masson en pleine explication avec Aymeric et Tym\u00e9o  (Cr\u00e9dit Yvon Maros)<\/figcaption><\/figure>\n\n\n\n<p>Une foule qui se fait de plus en plus dense .<\/p>\n\n\n\n<figure class=\"wp-block-image aligncenter size-large\"><img loading=\"lazy\" decoding=\"async\" width=\"1024\" height=\"480\" src=\"https:\/\/astroenbaiedarmor.astrosurf.com\/wp-content\/uploads\/2025\/09\/image-9-1024x480.png\" alt=\"\" class=\"wp-image-1180\" style=\"box-shadow:var(--wp--preset--shadow--natural)\" srcset=\"https:\/\/astroenbaiedarmor.astrosurf.com\/wp-content\/uploads\/2025\/09\/image-9-1024x480.png 1024w, https:\/\/astroenbaiedarmor.astrosurf.com\/wp-content\/uploads\/2025\/09\/image-9-300x141.png 300w, https:\/\/astroenbaiedarmor.astrosurf.com\/wp-content\/uploads\/2025\/09\/image-9-768x360.png 768w, https:\/\/astroenbaiedarmor.astrosurf.com\/wp-content\/uploads\/2025\/09\/image-9-1536x720.png 1536w, https:\/\/astroenbaiedarmor.astrosurf.com\/wp-content\/uploads\/2025\/09\/image-9.png 2000w\" sizes=\"auto, (max-width: 1024px) 100vw, 1024px\" \/><figcaption class=\"wp-element-caption\">D\u00e8s la tomb\u00e9e du jour, une nombreuse assistance. (Cr\u00e9dit Alain Le Gu\u00e9)<\/figcaption><\/figure>\n\n\n\n<p>Certain n&rsquo;ont pas h\u00e9sit\u00e9 \u00e0 installer sur une table tout le materiel, revues, oculaires, lumi\u00e8re d&rsquo;ambiance et m\u00eame une serviette de la NASA pour bien accueillir les spectateurs.<\/p>\n\n\n\n<figure class=\"wp-block-image aligncenter size-large\"><img loading=\"lazy\" decoding=\"async\" width=\"1024\" height=\"665\" src=\"https:\/\/astroenbaiedarmor.astrosurf.com\/wp-content\/uploads\/2025\/09\/image-14-1024x665.png\" alt=\"\" class=\"wp-image-1196\" style=\"box-shadow:var(--wp--preset--shadow--natural)\" srcset=\"https:\/\/astroenbaiedarmor.astrosurf.com\/wp-content\/uploads\/2025\/09\/image-14-1024x665.png 1024w, https:\/\/astroenbaiedarmor.astrosurf.com\/wp-content\/uploads\/2025\/09\/image-14-300x195.png 300w, https:\/\/astroenbaiedarmor.astrosurf.com\/wp-content\/uploads\/2025\/09\/image-14-768x499.png 768w, https:\/\/astroenbaiedarmor.astrosurf.com\/wp-content\/uploads\/2025\/09\/image-14-1536x998.png 1536w, https:\/\/astroenbaiedarmor.astrosurf.com\/wp-content\/uploads\/2025\/09\/image-14.png 1732w\" sizes=\"auto, (max-width: 1024px) 100vw, 1024px\" \/><figcaption class=\"wp-element-caption\">L&rsquo;installation de L\u00e9andre avec le mat\u00e9riel pour accueillir au mieux les spectateurs (Cr\u00e9dit Alain Legu\u00e9)<\/figcaption><\/figure>\n\n\n\n<p>La parole est donn\u00e9e aux membres du club pour passer de nombreuse informations sur leur instrument ou leurs habitudes d&rsquo;observation.<\/p>\n\n\n\n<figure class=\"wp-block-image aligncenter size-large\"><img loading=\"lazy\" decoding=\"async\" width=\"1024\" height=\"680\" src=\"https:\/\/astroenbaiedarmor.astrosurf.com\/wp-content\/uploads\/2025\/09\/image-10-1024x680.png\" alt=\"\" class=\"wp-image-1182\" style=\"box-shadow:var(--wp--preset--shadow--natural)\" srcset=\"https:\/\/astroenbaiedarmor.astrosurf.com\/wp-content\/uploads\/2025\/09\/image-10-1024x680.png 1024w, https:\/\/astroenbaiedarmor.astrosurf.com\/wp-content\/uploads\/2025\/09\/image-10-300x199.png 300w, https:\/\/astroenbaiedarmor.astrosurf.com\/wp-content\/uploads\/2025\/09\/image-10-768x510.png 768w, https:\/\/astroenbaiedarmor.astrosurf.com\/wp-content\/uploads\/2025\/09\/image-10-1536x1020.png 1536w, https:\/\/astroenbaiedarmor.astrosurf.com\/wp-content\/uploads\/2025\/09\/image-10.png 1694w\" sizes=\"auto, (max-width: 1024px) 100vw, 1024px\" \/><figcaption class=\"wp-element-caption\">Explications sur l\u2019observation au t\u00e9lescope de 200 mm par Antoine Porcher interview\u00e9 par Jean-No\u00ebl Antoine (Cr\u00e9dit Yvon Maros)<\/figcaption><\/figure>\n\n\n\n<p>Les premi\u00e8res images de la Lune arrivent enfin prises avec un smartphone derri\u00e8re l&rsquo;un des instruments pr\u00e9sent, le Celestron 8 de G\u00e9rard Bryon. On y distingue tr\u00e8s bien les mers de la Tranquillit\u00e9, de la S\u00e9r\u00e9nit\u00e9, la cha\u00eene des Apennins et le trio de crat\u00e8res Ptol\u00e9m\u00e9e, Alphonse et Arzchel pr\u00e8s du terminateur. On y discerne \u00e9galement la Vall\u00e9e des Alpes, fine \u00e9chancrure en bordure nord-ouest de la Mer des Pluies proche du crat\u00e8re Platon.<\/p>\n\n\n\n<figure class=\"wp-block-image aligncenter size-large\"><img loading=\"lazy\" decoding=\"async\" width=\"1024\" height=\"1024\" src=\"https:\/\/astroenbaiedarmor.astrosurf.com\/wp-content\/uploads\/2025\/09\/nuits-des-etoiles-2-aout-2025-1024x1024.jpg\" alt=\"\" class=\"wp-image-1206\" style=\"box-shadow:var(--wp--preset--shadow--natural)\" srcset=\"https:\/\/astroenbaiedarmor.astrosurf.com\/wp-content\/uploads\/2025\/09\/nuits-des-etoiles-2-aout-2025-1024x1024.jpg 1024w, https:\/\/astroenbaiedarmor.astrosurf.com\/wp-content\/uploads\/2025\/09\/nuits-des-etoiles-2-aout-2025-300x300.jpg 300w, https:\/\/astroenbaiedarmor.astrosurf.com\/wp-content\/uploads\/2025\/09\/nuits-des-etoiles-2-aout-2025-150x150.jpg 150w, https:\/\/astroenbaiedarmor.astrosurf.com\/wp-content\/uploads\/2025\/09\/nuits-des-etoiles-2-aout-2025-768x768.jpg 768w, https:\/\/astroenbaiedarmor.astrosurf.com\/wp-content\/uploads\/2025\/09\/nuits-des-etoiles-2-aout-2025.jpg 1520w\" sizes=\"auto, (max-width: 1024px) 100vw, 1024px\" \/><figcaption class=\"wp-element-caption\">Le premier quartier de Lune, le 2 ao\u00fbt 2025 depuis le terrain des sports de La M\u00e9augon (Cr\u00e9dit L\u00e6titia Bryon)<\/figcaption><\/figure>\n\n\n\n<p>Apr\u00e8s la Lune, il est temps de passer \u00e0 l&rsquo;observation de la plan\u00e8te Saturne.<\/p>\n\n\n\n<figure class=\"wp-block-image aligncenter size-large is-resized\"><img loading=\"lazy\" decoding=\"async\" width=\"1024\" height=\"724\" src=\"https:\/\/astroenbaiedarmor.astrosurf.com\/wp-content\/uploads\/2025\/09\/image-11-1024x724.png\" alt=\"\" class=\"wp-image-1183\" style=\"box-shadow:var(--wp--preset--shadow--natural);width:1024px;height:auto\" srcset=\"https:\/\/astroenbaiedarmor.astrosurf.com\/wp-content\/uploads\/2025\/09\/image-11-1024x724.png 1024w, https:\/\/astroenbaiedarmor.astrosurf.com\/wp-content\/uploads\/2025\/09\/image-11-300x212.png 300w, https:\/\/astroenbaiedarmor.astrosurf.com\/wp-content\/uploads\/2025\/09\/image-11-768x543.png 768w, https:\/\/astroenbaiedarmor.astrosurf.com\/wp-content\/uploads\/2025\/09\/image-11-1536x1085.png 1536w, https:\/\/astroenbaiedarmor.astrosurf.com\/wp-content\/uploads\/2025\/09\/image-11.png 1592w\" sizes=\"auto, (max-width: 1024px) 100vw, 1024px\" \/><figcaption class=\"wp-element-caption\">Observation de Saturne avec la lunette de Dominique Lebreton (Cr\u00e9dit Alain Le Gu\u00e9)<\/figcaption><\/figure>\n\n\n\n<p>La nuit est tomb\u00e9e, cette photo restitue bien l&rsquo;ambiance qui r\u00e9gnait ces deux soirs l\u00e0 sur le terrain des sports de La M\u00e9augon.<\/p>\n\n\n\n<figure class=\"wp-block-image aligncenter size-large\"><img loading=\"lazy\" decoding=\"async\" width=\"1024\" height=\"768\" src=\"https:\/\/astroenbaiedarmor.astrosurf.com\/wp-content\/uploads\/2025\/09\/NdE-02.08.2025-10-1024x768.jpg\" alt=\"\" class=\"wp-image-1184\" style=\"box-shadow:var(--wp--preset--shadow--natural)\" srcset=\"https:\/\/astroenbaiedarmor.astrosurf.com\/wp-content\/uploads\/2025\/09\/NdE-02.08.2025-10-1024x768.jpg 1024w, https:\/\/astroenbaiedarmor.astrosurf.com\/wp-content\/uploads\/2025\/09\/NdE-02.08.2025-10-300x225.jpg 300w, https:\/\/astroenbaiedarmor.astrosurf.com\/wp-content\/uploads\/2025\/09\/NdE-02.08.2025-10-768x576.jpg 768w, https:\/\/astroenbaiedarmor.astrosurf.com\/wp-content\/uploads\/2025\/09\/NdE-02.08.2025-10-1536x1152.jpg 1536w, https:\/\/astroenbaiedarmor.astrosurf.com\/wp-content\/uploads\/2025\/09\/NdE-02.08.2025-10-2048x1536.jpg 2048w\" sizes=\"auto, (max-width: 1024px) 100vw, 1024px\" \/><figcaption class=\"wp-element-caption\">Ambiance nocturne \u00e0 La M\u00e9augon (Cr\u00e9dit Dominique Lebreton)<\/figcaption><\/figure>\n\n\n\n<p>C&rsquo;est aussi l&rsquo;occasion pour Dominique de r\u00e9aliser un superbe \u00ab\u00a0time lapse\u00a0\u00bb de la Voie Lact\u00e9e \u00e0 l&rsquo;aide d&rsquo;un boitier photo pos\u00e9 sur son tr\u00e9pied en bordure du terrain \u00e0 l&rsquo;\u00e9cart de la foule.<\/p>\n\n\n\n<figure class=\"wp-block-embed aligncenter is-type-video is-provider-youtube wp-block-embed-youtube wp-embed-aspect-16-9 wp-has-aspect-ratio\"><div class=\"wp-block-embed__wrapper\">\n<div class=\"ast-oembed-container \" style=\"height: 100%;\"><iframe loading=\"lazy\" title=\"TL Nuit des Etoiles   La Me\u0301augon Aou\u0302t 2025   HD 720p\" width=\"500\" height=\"281\" src=\"https:\/\/www.youtube.com\/embed\/XcODmxK2k5M?feature=oembed\" frameborder=\"0\" allow=\"accelerometer; autoplay; clipboard-write; encrypted-media; gyroscope; picture-in-picture; web-share\" referrerpolicy=\"strict-origin-when-cross-origin\" allowfullscreen><\/iframe><\/div>\n<\/div><figcaption class=\"wp-element-caption\">Time-lapse lors des Nuits des Etoiles \u00e0 La M\u00e9augon le 2 oo\u00fbt 2025 HD 720p (Cr\u00e9dit Dominique Lebreton)<\/figcaption><\/figure>\n\n\n\n<p>Plusieurs articles dans la presse locale sont revenus sur ces deux soir\u00e9es.<\/p>\n\n\n\n<figure class=\"wp-block-image aligncenter size-large\"><img loading=\"lazy\" decoding=\"async\" width=\"592\" height=\"1024\" src=\"https:\/\/astroenbaiedarmor.astrosurf.com\/wp-content\/uploads\/2025\/09\/image-12-592x1024.png\" alt=\"\" class=\"wp-image-1192\" srcset=\"https:\/\/astroenbaiedarmor.astrosurf.com\/wp-content\/uploads\/2025\/09\/image-12-592x1024.png 592w, https:\/\/astroenbaiedarmor.astrosurf.com\/wp-content\/uploads\/2025\/09\/image-12-173x300.png 173w, https:\/\/astroenbaiedarmor.astrosurf.com\/wp-content\/uploads\/2025\/09\/image-12.png 660w\" sizes=\"auto, (max-width: 592px) 100vw, 592px\" \/><figcaption class=\"wp-element-caption\">Article paru dans Ouest France (Cr\u00e9dit Yvon Maros, Ouest France)<\/figcaption><\/figure>\n\n\n\n<figure class=\"wp-block-image aligncenter size-large\"><img loading=\"lazy\" decoding=\"async\" width=\"1024\" height=\"863\" src=\"https:\/\/astroenbaiedarmor.astrosurf.com\/wp-content\/uploads\/2025\/09\/image-13-1024x863.png\" alt=\"\" class=\"wp-image-1194\" srcset=\"https:\/\/astroenbaiedarmor.astrosurf.com\/wp-content\/uploads\/2025\/09\/image-13-1024x863.png 1024w, https:\/\/astroenbaiedarmor.astrosurf.com\/wp-content\/uploads\/2025\/09\/image-13-300x253.png 300w, https:\/\/astroenbaiedarmor.astrosurf.com\/wp-content\/uploads\/2025\/09\/image-13-768x647.png 768w, https:\/\/astroenbaiedarmor.astrosurf.com\/wp-content\/uploads\/2025\/09\/image-13.png 1335w\" sizes=\"auto, (max-width: 1024px) 100vw, 1024px\" \/><figcaption class=\"wp-element-caption\">Article paru dans le Penthi\u00e8vre (Cr\u00e9dit Sylvain Mauviel, Le Penthi\u00e8vre)<\/figcaption><\/figure>\n\n\n\n<p>Alain Le Gu\u00e9 a r\u00e9dig\u00e9 un compte-rendu complet t\u00e9l\u00e9chargeable <a href=\"https:\/\/astroenbaiedarmor.astrosurf.com\/wp-content\/uploads\/2025\/09\/Petit-Compte-Rendu-Nuit-des-etoiles-1er-2-aout-2025-ABA-Complet.pdf\" data-type=\"link\" data-id=\"https:\/\/astroenbaiedarmor.astrosurf.com\/wp-content\/uploads\/2025\/09\/Petit-Compte-Rendu-Nuit-des-etoiles-1er-2-aout-2025-ABA-Complet.pdf\" target=\"_blank\" rel=\"noreferrer noopener\">ici<\/a>.<\/p>\n\n\n\n<hr class=\"wp-block-separator has-alpha-channel-opacity\"\/>\n\n\n\n<p><\/p>\n","protected":false},"excerpt":{"rendered":"<p>Un public nombreux, une centaine des personnes le vendredi 1er ao\u00fbt, plus du double le lendemain, un ciel clair, deux nuits \u00e9toil\u00e9es sans nuage, pour cette 13\u00e8me \u00e9dition des Nuits des \u00c9toiles \u00e0 La M\u00e9augon.<\/p>\n","protected":false},"author":1,"featured_media":1202,"comment_status":"closed","ping_status":"open","sticky":false,"template":"","format":"standard","meta":{"site-sidebar-layout":"default","site-content-layout":"","ast-site-content-layout":"default","site-content-style":"default","site-sidebar-style":"default","ast-global-header-display":"","ast-banner-title-visibility":"","ast-main-header-display":"","ast-hfb-above-header-display":"","ast-hfb-below-header-display":"","ast-hfb-mobile-header-display":"","site-post-title":"","ast-breadcrumbs-content":"","ast-featured-img":"","footer-sml-layout":"","theme-transparent-header-meta":"","adv-header-id-meta":"","stick-header-meta":"","header-above-stick-meta":"","header-main-stick-meta":"","header-below-stick-meta":"","astra-migrate-meta-layouts":"default","ast-page-background-enabled":"default","ast-page-background-meta":{"desktop":{"background-color":"var(--ast-global-color-4)","background-image":"","background-repeat":"repeat","background-position":"center center","background-size":"auto","background-attachment":"scroll","background-type":"","background-media":"","overlay-type":"","overlay-color":"","overlay-opacity":"","overlay-gradient":""},"tablet":{"background-color":"","background-image":"","background-repeat":"repeat","background-position":"center center","background-size":"auto","background-attachment":"scroll","background-type":"","background-media":"","overlay-type":"","overlay-color":"","overlay-opacity":"","overlay-gradient":""},"mobile":{"background-color":"","background-image":"","background-repeat":"repeat","background-position":"center center","background-size":"auto","background-attachment":"scroll","background-type":"","background-media":"","overlay-type":"","overlay-color":"","overlay-opacity":"","overlay-gradient":""}},"ast-content-background-meta":{"desktop":{"background-color":"var(--ast-global-color-5)","background-image":"","background-repeat":"repeat","background-position":"center center","background-size":"auto","background-attachment":"scroll","background-type":"","background-media":"","overlay-type":"","overlay-color":"","overlay-opacity":"","overlay-gradient":""},"tablet":{"background-color":"var(--ast-global-color-5)","background-image":"","background-repeat":"repeat","background-position":"center center","background-size":"auto","background-attachment":"scroll","background-type":"","background-media":"","overlay-type":"","overlay-color":"","overlay-opacity":"","overlay-gradient":""},"mobile":{"background-color":"var(--ast-global-color-5)","background-image":"","background-repeat":"repeat","background-position":"center center","background-size":"auto","background-attachment":"scroll","background-type":"","background-media":"","overlay-type":"","overlay-color":"","overlay-opacity":"","overlay-gradient":""}},"_jetpack_memberships_contains_paid_content":false,"footnotes":""},"categories":[6],"tags":[20,9,12,21,31],"class_list":["post-1167","post","type-post","status-publish","format-standard","has-post-thumbnail","hentry","category-saison-2023-2024","tag-lune","tag-manifestations","tag-observations","tag-saturne","tag-time-lapse"],"jetpack_featured_media_url":"https:\/\/astroenbaiedarmor.astrosurf.com\/wp-content\/uploads\/2025\/09\/banner-nuits-des-etoiles-2025.jpg","jetpack_sharing_enabled":true,"_links":{"self":[{"href":"https:\/\/astroenbaiedarmor.astrosurf.com\/index.php?rest_route=\/wp\/v2\/posts\/1167","targetHints":{"allow":["GET"]}}],"collection":[{"href":"https:\/\/astroenbaiedarmor.astrosurf.com\/index.php?rest_route=\/wp\/v2\/posts"}],"about":[{"href":"https:\/\/astroenbaiedarmor.astrosurf.com\/index.php?rest_route=\/wp\/v2\/types\/post"}],"author":[{"embeddable":true,"href":"https:\/\/astroenbaiedarmor.astrosurf.com\/index.php?rest_route=\/wp\/v2\/users\/1"}],"replies":[{"embeddable":true,"href":"https:\/\/astroenbaiedarmor.astrosurf.com\/index.php?rest_route=%2Fwp%2Fv2%2Fcomments&post=1167"}],"version-history":[{"count":30,"href":"https:\/\/astroenbaiedarmor.astrosurf.com\/index.php?rest_route=\/wp\/v2\/posts\/1167\/revisions"}],"predecessor-version":[{"id":1218,"href":"https:\/\/astroenbaiedarmor.astrosurf.com\/index.php?rest_route=\/wp\/v2\/posts\/1167\/revisions\/1218"}],"wp:featuredmedia":[{"embeddable":true,"href":"https:\/\/astroenbaiedarmor.astrosurf.com\/index.php?rest_route=\/wp\/v2\/media\/1202"}],"wp:attachment":[{"href":"https:\/\/astroenbaiedarmor.astrosurf.com\/index.php?rest_route=%2Fwp%2Fv2%2Fmedia&parent=1167"}],"wp:term":[{"taxonomy":"category","embeddable":true,"href":"https:\/\/astroenbaiedarmor.astrosurf.com\/index.php?rest_route=%2Fwp%2Fv2%2Fcategories&post=1167"},{"taxonomy":"post_tag","embeddable":true,"href":"https:\/\/astroenbaiedarmor.astrosurf.com\/index.php?rest_route=%2Fwp%2Fv2%2Ftags&post=1167"}],"curies":[{"name":"wp","href":"https:\/\/api.w.org\/{rel}","templated":true}]}}