{"id":924,"date":"2024-10-08T18:29:12","date_gmt":"2024-10-08T16:29:12","guid":{"rendered":"http:\/\/astroenbaiedarmor.astrosurf.com\/?p=924"},"modified":"2024-10-09T10:38:14","modified_gmt":"2024-10-09T08:38:14","slug":"annonce-du-jour-de-la-nuit","status":"publish","type":"post","link":"https:\/\/astroenbaiedarmor.astrosurf.com\/?p=924","title":{"rendered":"Annonce du \u00ab Jour de la Nuit \u00bb"},"content":{"rendered":"\n<p>Cette ann\u00e9e les manifestations nationales du Jour de la Nuit ont lieu le samedi 12 octobre et sont d\u00e9clin\u00e9es dans la r\u00e9gion de St Brieuc par notre association en coop\u00e9ration avec l&rsquo;association <a href=\"https:\/\/www.vivarmor.fr\/\" target=\"_blank\" rel=\"noreferrer noopener\">VivArmor Nature<\/a> et la <a href=\"https:\/\/www.lameaugon.fr\/\" target=\"_blank\" rel=\"noreferrer noopener\">municipalit\u00e9 de La M\u00e9augon<\/a>.<\/p>\n\n\n\n<figure class=\"wp-block-image size-large is-style-default\"><img loading=\"lazy\" decoding=\"async\" width=\"1024\" height=\"335\" src=\"https:\/\/astroenbaiedarmor.astrosurf.com\/wp-content\/uploads\/2024\/10\/bandeau-JDN-2024-1024x335.png\" alt=\"\" class=\"wp-image-926\" style=\"box-shadow:var(--wp--preset--shadow--natural)\" srcset=\"https:\/\/astroenbaiedarmor.astrosurf.com\/wp-content\/uploads\/2024\/10\/bandeau-JDN-2024-1024x335.png 1024w, https:\/\/astroenbaiedarmor.astrosurf.com\/wp-content\/uploads\/2024\/10\/bandeau-JDN-2024-300x98.png 300w, https:\/\/astroenbaiedarmor.astrosurf.com\/wp-content\/uploads\/2024\/10\/bandeau-JDN-2024-768x252.png 768w, https:\/\/astroenbaiedarmor.astrosurf.com\/wp-content\/uploads\/2024\/10\/bandeau-JDN-2024.png 1157w\" sizes=\"auto, (max-width: 1024px) 100vw, 1024px\" \/><\/figure>\n\n\n\n<p>La manifestation d\u00e9bute en salle polyvalente de la Mairie de La M\u00e9augon, 4 rue des Fontaines, \u00e0 14h00 avec une pr\u00e9sentation du projet de labellisation de Communaut\u00e9 Internationale de Ciel \u00c9toil\u00e9 sous la houlette de l&rsquo;organisation <a href=\"https:\/\/darksky.org\/\" data-type=\"link\" data-id=\"https:\/\/darksky.org\/\" target=\"_blank\" rel=\"noreferrer noopener\">Dark Sky International<\/a>, suivie de deux diaporamas sur la pollution lumineuse ou un autre sujet de biodiversit\u00e9. Ce sera l&rsquo;occasion de dialoguer sur la pollution lumineuse et les moyens de la r\u00e9duire.<\/p>\n\n\n\n<p>En d\u00e9but de soir\u00e9e de 19h30 \u00e0 20h30, la manifestation se poursuit avec une balade cr\u00e9pusculaire et po\u00e9sie nocturne anim\u00e9e par la po\u00e9tesse Betty Yon \u00e0 l&rsquo;\u00e9coute de la nature et de la faune nocturne.<\/p>\n\n\n\n<p>Enfin, \u00e0 partir de 21h00 sur le <a href=\"https:\/\/www.openstreetmap.org\/way\/326106221#map=15\/48.49130\/-2.83979\" data-type=\"link\" data-id=\"https:\/\/www.openstreetmap.org\/way\/326106221#map=15\/48.49130\/-2.83979\" target=\"_blank\" rel=\"noreferrer noopener\">terrain des sports de La M\u00e9augon, rue de de la Ville Rault<\/a>, se d\u00e9roule une observation publique du ciel nocturne. La Lune sera en phase gibbeuse croissante, entre le premier quartier (qui a lieu le 10 oct.) et la pleine Lune (qui aura lieu le 17 oct.) et se couchera vers 2h30. Jupiter se l\u00e8vera vers 22h15 dans la constellation du Taureau et sera visible ensuite toute la nuit. Saturne sera visible en d\u00e9but de nuit dans la constellation du Verseau et se couchera vers 5h00 du matin. Enfin la plan\u00e8te Mars se l\u00e8vera vers 00h30 dans la constellation des G\u00e9meaux. Ce sera aussi l&rsquo;occasion d&rsquo;admirer la galaxie d&rsquo;Androm\u00e8de un des joyaux du ciel d&rsquo;automne si la Lune n&rsquo;est pas trop g\u00eanante et la m\u00e9t\u00e9o le permet.<\/p>\n\n\n\n<p>Cette observation du ciel nocturne permettra d&rsquo;identifier les principales sources de pollution lumineuse affectant le site ainsi que les train\u00e9es lumineuses g\u00e9n\u00e9r\u00e9es par les satellites de communication comme <a href=\"https:\/\/www.starlink.com\/fr\" data-type=\"link\" data-id=\"https:\/\/www.starlink.com\/fr\" target=\"_blank\" rel=\"noreferrer noopener\">StarLink<\/a>.<\/p>\n\n\n\n<div class=\"wp-block-media-text is-stacked-on-mobile\" style=\"grid-template-columns:15% auto\"><figure class=\"wp-block-media-text__media\"><a href=\"https:\/\/astroenbaiedarmor.astrosurf.com\/wp-content\/uploads\/2024\/10\/Affiche-JDN-2024-03.pdf\" target=\"_blank\" rel=\"noreferrer noopener\"><img loading=\"lazy\" decoding=\"async\" width=\"212\" height=\"300\" src=\"https:\/\/astroenbaiedarmor.astrosurf.com\/wp-content\/uploads\/2024\/10\/affiche-JDN-2024-212x300.jpg\" alt=\"\" class=\"wp-image-945 size-medium\" srcset=\"https:\/\/astroenbaiedarmor.astrosurf.com\/wp-content\/uploads\/2024\/10\/affiche-JDN-2024-212x300.jpg 212w, https:\/\/astroenbaiedarmor.astrosurf.com\/wp-content\/uploads\/2024\/10\/affiche-JDN-2024.jpg 636w\" sizes=\"auto, (max-width: 212px) 100vw, 212px\" \/><\/a><\/figure><div class=\"wp-block-media-text__content\">\n<p>Par ici le lien sur le site national consacr\u00e9 au <a href=\"https:\/\/jourdelanuit.fr\/\" data-type=\"link\" data-id=\"https:\/\/jourdelanuit.fr\/\" target=\"_blank\" rel=\"noreferrer noopener\">Jour de la Nuit<\/a> et la page sp\u00e9cifique de la <a href=\"https:\/\/jourdelanuit.fr\/evenement\/5996451447115723792\" target=\"_blank\" rel=\"noreferrer noopener\">manifestation \u00e0 La M\u00e9augon<\/a>, ainsi que l&rsquo;<a href=\"https:\/\/astroenbaiedarmor.astrosurf.com\/wp-content\/uploads\/2024\/10\/Affiche-JDN-2024-03.pdf\" data-type=\"link\" data-id=\"https:\/\/astroenbaiedarmor.astrosurf.com\/wp-content\/uploads\/2024\/10\/Affiche-JDN-2024-03.pdf\" target=\"_blank\" rel=\"noreferrer noopener\">affiche r\u00e9alis\u00e9e pour l&rsquo;occasion<\/a>.<\/p>\n<\/div><\/div>\n\n\n\n<p>Rendez-vous donc \u00e0 La M\u00e9augon, ce samedi 12 octobre dans l&rsquo;apr\u00e8s-midi \u00e0 la Mairie et en soir\u00e9e au terrain des sports. Aucune inscription n&rsquo;est requise.<\/p>\n","protected":false},"excerpt":{"rendered":"<p>Cette ann\u00e9e le Jour de la Nuit a lieu le samedi 12 octobre d\u00e9clin\u00e9 dans la r\u00e9gion de St Brieuc par ABA, l&rsquo;association VivArmor Nature et la municipalit\u00e9 de La M\u00e9augon&#8230;<\/p>\n","protected":false},"author":1,"featured_media":926,"comment_status":"closed","ping_status":"open","sticky":false,"template":"","format":"standard","meta":{"site-sidebar-layout":"default","site-content-layout":"","ast-site-content-layout":"default","site-content-style":"default","site-sidebar-style":"default","ast-global-header-display":"","ast-banner-title-visibility":"","ast-main-header-display":"","ast-hfb-above-header-display":"","ast-hfb-below-header-display":"","ast-hfb-mobile-header-display":"","site-post-title":"","ast-breadcrumbs-content":"","ast-featured-img":"","footer-sml-layout":"","theme-transparent-header-meta":"","adv-header-id-meta":"","stick-header-meta":"","header-above-stick-meta":"","header-main-stick-meta":"","header-below-stick-meta":"","astra-migrate-meta-layouts":"default","ast-page-background-enabled":"default","ast-page-background-meta":{"desktop":{"background-color":"var(--ast-global-color-4)","background-image":"","background-repeat":"repeat","background-position":"center center","background-size":"auto","background-attachment":"scroll","background-type":"","background-media":"","overlay-type":"","overlay-color":"","overlay-opacity":"","overlay-gradient":""},"tablet":{"background-color":"","background-image":"","background-repeat":"repeat","background-position":"center center","background-size":"auto","background-attachment":"scroll","background-type":"","background-media":"","overlay-type":"","overlay-color":"","overlay-opacity":"","overlay-gradient":""},"mobile":{"background-color":"","background-image":"","background-repeat":"repeat","background-position":"center center","background-size":"auto","background-attachment":"scroll","background-type":"","background-media":"","overlay-type":"","overlay-color":"","overlay-opacity":"","overlay-gradient":""}},"ast-content-background-meta":{"desktop":{"background-color":"var(--ast-global-color-5)","background-image":"","background-repeat":"repeat","background-position":"center center","background-size":"auto","background-attachment":"scroll","background-type":"","background-media":"","overlay-type":"","overlay-color":"","overlay-opacity":"","overlay-gradient":""},"tablet":{"background-color":"var(--ast-global-color-5)","background-image":"","background-repeat":"repeat","background-position":"center center","background-size":"auto","background-attachment":"scroll","background-type":"","background-media":"","overlay-type":"","overlay-color":"","overlay-opacity":"","overlay-gradient":""},"mobile":{"background-color":"var(--ast-global-color-5)","background-image":"","background-repeat":"repeat","background-position":"center center","background-size":"auto","background-attachment":"scroll","background-type":"","background-media":"","overlay-type":"","overlay-color":"","overlay-opacity":"","overlay-gradient":""}},"_jetpack_memberships_contains_paid_content":false,"footnotes":""},"categories":[15],"tags":[24,20,9,23,12,21],"class_list":["post-924","post","type-post","status-publish","format-standard","has-post-thumbnail","hentry","category-saison-2024-2025","tag-jupiter","tag-lune","tag-manifestations","tag-mars","tag-observations","tag-saturne"],"jetpack_featured_media_url":"https:\/\/astroenbaiedarmor.astrosurf.com\/wp-content\/uploads\/2024\/10\/bandeau-JDN-2024.png","jetpack_sharing_enabled":true,"_links":{"self":[{"href":"https:\/\/astroenbaiedarmor.astrosurf.com\/index.php?rest_route=\/wp\/v2\/posts\/924","targetHints":{"allow":["GET"]}}],"collection":[{"href":"https:\/\/astroenbaiedarmor.astrosurf.com\/index.php?rest_route=\/wp\/v2\/posts"}],"about":[{"href":"https:\/\/astroenbaiedarmor.astrosurf.com\/index.php?rest_route=\/wp\/v2\/types\/post"}],"author":[{"embeddable":true,"href":"https:\/\/astroenbaiedarmor.astrosurf.com\/index.php?rest_route=\/wp\/v2\/users\/1"}],"replies":[{"embeddable":true,"href":"https:\/\/astroenbaiedarmor.astrosurf.com\/index.php?rest_route=%2Fwp%2Fv2%2Fcomments&post=924"}],"version-history":[{"count":20,"href":"https:\/\/astroenbaiedarmor.astrosurf.com\/index.php?rest_route=\/wp\/v2\/posts\/924\/revisions"}],"predecessor-version":[{"id":951,"href":"https:\/\/astroenbaiedarmor.astrosurf.com\/index.php?rest_route=\/wp\/v2\/posts\/924\/revisions\/951"}],"wp:featuredmedia":[{"embeddable":true,"href":"https:\/\/astroenbaiedarmor.astrosurf.com\/index.php?rest_route=\/wp\/v2\/media\/926"}],"wp:attachment":[{"href":"https:\/\/astroenbaiedarmor.astrosurf.com\/index.php?rest_route=%2Fwp%2Fv2%2Fmedia&parent=924"}],"wp:term":[{"taxonomy":"category","embeddable":true,"href":"https:\/\/astroenbaiedarmor.astrosurf.com\/index.php?rest_route=%2Fwp%2Fv2%2Fcategories&post=924"},{"taxonomy":"post_tag","embeddable":true,"href":"https:\/\/astroenbaiedarmor.astrosurf.com\/index.php?rest_route=%2Fwp%2Fv2%2Ftags&post=924"}],"curies":[{"name":"wp","href":"https:\/\/api.w.org\/{rel}","templated":true}]}}